{"id":782,"date":"2013-07-15T13:11:18","date_gmt":"2013-07-15T11:11:18","guid":{"rendered":"http:\/\/pd-pljusak.hr\/?p=782"},"modified":"2013-07-15T13:11:18","modified_gmt":"2013-07-15T11:11:18","slug":"novi-markacisti-u-pljusku","status":"publish","type":"post","link":"https:\/\/pd-pljusak.hr\/?p=782","title":{"rendered":"Novi markacisti u Pljusku"},"content":{"rendered":"<p>Pro\u0161li vikend,\u00a013.\/14. srpnja u planinarskoj ku\u0107i Frbe\u017eari u Tr\u0161\u0107u,\u00a0Komisija za planinarske putove HPS-a, uz pomo\u0107 PD Kamenjak iz Rijeke, organizirala je Te\u010daj za markaciste za planinarska dru\u0161tva s podru\u010dja Primorsko \u2013 goranske \u017eupanije.<\/p>\n<p><a href=\"http:\/\/www.hps.hr\/vijesti\/309\/odrzan-tecaj-za-markaciste-u-frbezarima\/\">http:\/\/www.hps.hr\/vijesti\/309\/odrzan-tecaj-za-markaciste-u-frbezarima\/<\/a><\/p>\n<p>Na te\u010daju su sudjelova i tri \u010dlana PD Pljuska koji su uspje\u0161no polo\u017eili zavr\u0161ni ispit i odradili prakti\u010dnu vje\u017ebu te time dobili titulu markacista.<\/p>\n<p>Time je \u00a0dodatno poja\u010dan \u0161kolovani kadar Pljuska, koji sada \u010dine: tri vodi\u010da dru\u0161tevnih izleta, jedan markacist voditelj te tri markacista.<\/p>\n<p>&nbsp;<\/p>\n<p style=\"text-align: center\"><a href=\"http:\/\/pubweb.carnet.hr\/pd-pljusak\/wp-content\/uploads\/sites\/148\/2013\/07\/Tecaj_Frbezari_201307.jpg\"><img loading=\"lazy\" decoding=\"async\" class=\"aligncenter size-medium wp-image-784\" alt=\"Tecaj_Frbezari_201307\" src=\"http:\/\/pubweb.carnet.hr\/pd-pljusak\/wp-content\/uploads\/sites\/148\/2013\/07\/Tecaj_Frbezari_201307-300x184.jpg\" width=\"300\" height=\"184\" srcset=\"https:\/\/pd-pljusak.hr\/wp-content\/uploads\/sites\/148\/2013\/07\/Tecaj_Frbezari_201307-300x184.jpg 300w, https:\/\/pd-pljusak.hr\/wp-content\/uploads\/sites\/148\/2013\/07\/Tecaj_Frbezari_201307.jpg 800w\" sizes=\"auto, (max-width: 300px) 100vw, 300px\" \/><\/a><\/p>\n<p style=\"text-align: center\"><span style=\"color: #c0c0c0\">(autor fotografije: Marino Kezele)<\/span><\/p>\n<p style=\"text-align: center\"><a href=\"http:\/\/pubweb.carnet.hr\/pd-pljusak\/wp-content\/uploads\/sites\/148\/2013\/07\/1011969_194396690724858_2103727427_n.jpg\"><img loading=\"lazy\" decoding=\"async\" class=\"aligncenter size-medium wp-image-788\" alt=\"1011969_194396690724858_2103727427_n\" src=\"http:\/\/pubweb.carnet.hr\/pd-pljusak\/wp-content\/uploads\/sites\/148\/2013\/07\/1011969_194396690724858_2103727427_n-300x225.jpg\" width=\"300\" height=\"225\" srcset=\"https:\/\/pd-pljusak.hr\/wp-content\/uploads\/sites\/148\/2013\/07\/1011969_194396690724858_2103727427_n-300x225.jpg 300w, https:\/\/pd-pljusak.hr\/wp-content\/uploads\/sites\/148\/2013\/07\/1011969_194396690724858_2103727427_n.jpg 900w\" sizes=\"auto, (max-width: 300px) 100vw, 300px\" \/><\/a><\/p>\n","protected":false},"excerpt":{"rendered":"<p>Pro\u0161li vikend,\u00a013.\/14. srpnja u planinarskoj ku\u0107i Frbe\u017eari u Tr\u0161\u0107u,\u00a0Komisija za planinarske putove HPS-a, uz pomo\u0107 PD Kamenjak iz Rijeke, organizirala je Te\u010daj za markaciste za planinarska dru\u0161tva s podru\u010dja Primorsko \u2013 goranske \u017eupanije. http:\/\/www.hps.hr\/vijesti\/309\/odrzan-tecaj-za-markaciste-u-frbezarima\/ Na te\u010daju su sudjelova i tri \u010dlana PD Pljuska koji su uspje\u0161no polo\u017eili zavr\u0161ni ispit i odradili prakti\u010dnu vje\u017ebu te time [&hellip;]<\/p>\n","protected":false},"author":146,"featured_media":666,"comment_status":"closed","ping_status":"open","sticky":false,"template":"","format":"standard","meta":{"footnotes":""},"categories":[5],"tags":[29,42,50,57],"class_list":["post-782","post","type-post","status-publish","format-standard","has-post-thumbnail","hentry","category-opcenito","tag-markacisti","tag-planinarenje","tag-pljusak","tag-rijeka"],"_links":{"self":[{"href":"https:\/\/pd-pljusak.hr\/index.php?rest_route=\/wp\/v2\/posts\/782","targetHints":{"allow":["GET"]}}],"collection":[{"href":"https:\/\/pd-pljusak.hr\/index.php?rest_route=\/wp\/v2\/posts"}],"about":[{"href":"https:\/\/pd-pljusak.hr\/index.php?rest_route=\/wp\/v2\/types\/post"}],"author":[{"embeddable":true,"href":"https:\/\/pd-pljusak.hr\/index.php?rest_route=\/wp\/v2\/users\/146"}],"replies":[{"embeddable":true,"href":"https:\/\/pd-pljusak.hr\/index.php?rest_route=%2Fwp%2Fv2%2Fcomments&post=782"}],"version-history":[{"count":0,"href":"https:\/\/pd-pljusak.hr\/index.php?rest_route=\/wp\/v2\/posts\/782\/revisions"}],"wp:featuredmedia":[{"embeddable":true,"href":"https:\/\/pd-pljusak.hr\/index.php?rest_route=\/wp\/v2\/media\/666"}],"wp:attachment":[{"href":"https:\/\/pd-pljusak.hr\/index.php?rest_route=%2Fwp%2Fv2%2Fmedia&parent=782"}],"wp:term":[{"taxonomy":"category","embeddable":true,"href":"https:\/\/pd-pljusak.hr\/index.php?rest_route=%2Fwp%2Fv2%2Fcategories&post=782"},{"taxonomy":"post_tag","embeddable":true,"href":"https:\/\/pd-pljusak.hr\/index.php?rest_route=%2Fwp%2Fv2%2Ftags&post=782"}],"curies":[{"name":"wp","href":"https:\/\/api.w.org\/{rel}","templated":true}]}}