{"id":764,"date":"2013-07-11T09:29:56","date_gmt":"2013-07-11T07:29:56","guid":{"rendered":"http:\/\/pd-pljusak.hr\/?p=764"},"modified":"2013-07-11T09:29:56","modified_gmt":"2013-07-11T07:29:56","slug":"sa-izleta-satorina-kozjak-6-7-7-2013","status":"publish","type":"post","link":"https:\/\/pd-pljusak.hr\/?p=764","title":{"rendered":"Sa izleta: \u0160atorina &#8211; Kozjak (6. \/ 7.7.2013.)"},"content":{"rendered":"<p>Kako je pro\u0161ao dvodnevni izlet OP\u0160-a na Velebitu mo\u017eete pogledati na slijede\u0107im snimkama:<\/p>\n<p><iframe loading=\"lazy\" title=\"\u0160atorina - 6.7.2013. - 1\/2\" width=\"474\" height=\"356\" src=\"https:\/\/www.youtube.com\/embed\/7g3sB0AVC3g?feature=oembed\" frameborder=\"0\" allow=\"accelerometer; autoplay; clipboard-write; encrypted-media; gyroscope; picture-in-picture; web-share\" referrerpolicy=\"strict-origin-when-cross-origin\" allowfullscreen><\/iframe><\/p>\n<p><iframe loading=\"lazy\" title=\"\u0160atorina - 6.7.2013. - 2\/2\" width=\"474\" height=\"356\" src=\"https:\/\/www.youtube.com\/embed\/mPJcRiKOcEg?feature=oembed\" frameborder=\"0\" allow=\"accelerometer; autoplay; clipboard-write; encrypted-media; gyroscope; picture-in-picture; web-share\" referrerpolicy=\"strict-origin-when-cross-origin\" allowfullscreen><\/iframe><\/p>\n<p><iframe loading=\"lazy\" title=\"Veliki Kozjak - 7.7.2013. - 1\/2\" width=\"474\" height=\"356\" src=\"https:\/\/www.youtube.com\/embed\/OGXqZypqXqI?feature=oembed\" frameborder=\"0\" allow=\"accelerometer; autoplay; clipboard-write; encrypted-media; gyroscope; picture-in-picture; web-share\" referrerpolicy=\"strict-origin-when-cross-origin\" allowfullscreen><\/iframe><\/p>\n<p><iframe loading=\"lazy\" title=\"Veliki Kozjak - 7.7.2013. - 2\/2\" width=\"474\" height=\"356\" src=\"https:\/\/www.youtube.com\/embed\/f2zFVG5XnoI?feature=oembed\" frameborder=\"0\" allow=\"accelerometer; autoplay; clipboard-write; encrypted-media; gyroscope; picture-in-picture; web-share\" referrerpolicy=\"strict-origin-when-cross-origin\" allowfullscreen><\/iframe><\/p>\n","protected":false},"excerpt":{"rendered":"<p>Kako je pro\u0161ao dvodnevni izlet OP\u0160-a na Velebitu mo\u017eete pogledati na slijede\u0107im snimkama:<\/p>\n","protected":false},"author":146,"featured_media":677,"comment_status":"closed","ping_status":"open","sticky":false,"template":"","format":"standard","meta":{"footnotes":""},"categories":[3],"tags":[],"class_list":["post-764","post","type-post","status-publish","format-standard","has-post-thumbnail","hentry","category-izleti"],"_links":{"self":[{"href":"https:\/\/pd-pljusak.hr\/index.php?rest_route=\/wp\/v2\/posts\/764","targetHints":{"allow":["GET"]}}],"collection":[{"href":"https:\/\/pd-pljusak.hr\/index.php?rest_route=\/wp\/v2\/posts"}],"about":[{"href":"https:\/\/pd-pljusak.hr\/index.php?rest_route=\/wp\/v2\/types\/post"}],"author":[{"embeddable":true,"href":"https:\/\/pd-pljusak.hr\/index.php?rest_route=\/wp\/v2\/users\/146"}],"replies":[{"embeddable":true,"href":"https:\/\/pd-pljusak.hr\/index.php?rest_route=%2Fwp%2Fv2%2Fcomments&post=764"}],"version-history":[{"count":0,"href":"https:\/\/pd-pljusak.hr\/index.php?rest_route=\/wp\/v2\/posts\/764\/revisions"}],"wp:featuredmedia":[{"embeddable":true,"href":"https:\/\/pd-pljusak.hr\/index.php?rest_route=\/wp\/v2\/media\/677"}],"wp:attachment":[{"href":"https:\/\/pd-pljusak.hr\/index.php?rest_route=%2Fwp%2Fv2%2Fmedia&parent=764"}],"wp:term":[{"taxonomy":"category","embeddable":true,"href":"https:\/\/pd-pljusak.hr\/index.php?rest_route=%2Fwp%2Fv2%2Fcategories&post=764"},{"taxonomy":"post_tag","embeddable":true,"href":"https:\/\/pd-pljusak.hr\/index.php?rest_route=%2Fwp%2Fv2%2Ftags&post=764"}],"curies":[{"name":"wp","href":"https:\/\/api.w.org\/{rel}","templated":true}]}}