{"id":1296,"date":"2015-06-17T21:54:55","date_gmt":"2015-06-17T19:54:55","guid":{"rendered":"http:\/\/pubweb.carnet.hr\/pd-pljusak\/?p=1296"},"modified":"2015-06-20T07:54:04","modified_gmt":"2015-06-20T05:54:04","slug":"najava-izleta-21-6-2015-slavica","status":"publish","type":"post","link":"https:\/\/pd-pljusak.hr\/?p=1296","title":{"rendered":"Najava izleta: 21.6.2015. &#8211; Slavica"},"content":{"rendered":"<table>\n<tbody>\n<tr style=\"text-align: justify\">\n<td colspan=\"4\" width=\"604\">\n<p style=\"text-align: center\"><strong>SLAVICA (1120m)<\/strong><\/p>\n<\/td>\n<\/tr>\n<tr>\n<td colspan=\"4\" width=\"604\">\n<p style=\"text-align: center\">21.06.2015.<\/p>\n<\/td>\n<\/tr>\n<tr>\n<td colspan=\"2\" width=\"300\"><strong>Polazak:<\/strong> 7:30, \u017eeljezni\u010dki kolodvor<\/td>\n<td colspan=\"2\" width=\"304\"><strong>Povratak: <\/strong>oko 17:00<\/td>\n<\/tr>\n<tr>\n<td width=\"92\"><strong>Prijevoz: <\/strong><\/td>\n<td width=\"208\">Osobni automobili<\/td>\n<td width=\"151\"><strong>Cijena: \u00a0<\/strong>40kn<\/td>\n<td width=\"153\"><\/td>\n<\/tr>\n<tr>\n<td colspan=\"4\" width=\"604\"><strong>\u00a0<\/strong><strong>Opis: <\/strong><\/p>\n<p><strong>\u00a0<\/strong><\/p>\n<p>Kre\u0107emo autoputom do izlaza Vrata i dalje prema selu Slavica. Nakon sela, kod vodospreme parkiramo aute i kre\u0107emo prema vrhu Velika Slavica. Nakon odmora na vrhu idemo dalje prema fajerima i kru\u017eno natrag prema autima.<\/p>\n<p>&nbsp;<\/p>\n<p>Pohod dru\u0161tva.<\/p>\n<p><strong>\u00a0<\/strong><\/p>\n<p><strong>Ukupno oko 4h hoda<\/strong><\/p>\n<p><strong>\u00a0<\/strong><\/td>\n<\/tr>\n<tr>\n<td colspan=\"4\" width=\"604\"><strong>Te\u017eina staze: <\/strong>lagana staza (K1, T1)<\/td>\n<\/tr>\n<tr>\n<td colspan=\"4\" width=\"604\"><strong>Planinarska oprema: \u00a0<\/strong>osnovna planinarska oprema<\/td>\n<\/tr>\n<tr>\n<td colspan=\"4\" width=\"604\"><strong>Vodi\u010d(i): \u00a0<\/strong>Neven Bla\u017eevi\u0107, Milan Gredelji<\/td>\n<\/tr>\n<tr>\n<td colspan=\"4\" width=\"604\"><strong>Prijave i informacije: \u00a0<\/strong>do 17.06.2015.<\/td>\n<\/tr>\n<\/tbody>\n<\/table>\n<p><a href=\"https:\/\/drive.google.com\/file\/d\/0B7TNZjg_3TATdERXTmthYVVIeWtmaUlyOGFrX3VzeEdnYmJZ\/view?usp=sharing\">karta izleta<\/a><\/p>\n","protected":false},"excerpt":{"rendered":"<p>SLAVICA (1120m) 21.06.2015. Polazak: 7:30, \u017eeljezni\u010dki kolodvor Povratak: oko 17:00 Prijevoz: Osobni automobili Cijena: \u00a040kn \u00a0Opis: \u00a0 Kre\u0107emo autoputom do izlaza Vrata i dalje prema selu Slavica. Nakon sela, kod vodospreme parkiramo aute i kre\u0107emo prema vrhu Velika Slavica. Nakon odmora na vrhu idemo dalje prema fajerima i kru\u017eno natrag prema autima. &nbsp; Pohod dru\u0161tva. [&hellip;]<\/p>\n","protected":false},"author":146,"featured_media":0,"comment_status":"closed","ping_status":"closed","sticky":false,"template":"","format":"standard","meta":{"footnotes":""},"categories":[3],"tags":[61],"class_list":["post-1296","post","type-post","status-publish","format-standard","hentry","category-izleti","tag-slavica"],"_links":{"self":[{"href":"https:\/\/pd-pljusak.hr\/index.php?rest_route=\/wp\/v2\/posts\/1296","targetHints":{"allow":["GET"]}}],"collection":[{"href":"https:\/\/pd-pljusak.hr\/index.php?rest_route=\/wp\/v2\/posts"}],"about":[{"href":"https:\/\/pd-pljusak.hr\/index.php?rest_route=\/wp\/v2\/types\/post"}],"author":[{"embeddable":true,"href":"https:\/\/pd-pljusak.hr\/index.php?rest_route=\/wp\/v2\/users\/146"}],"replies":[{"embeddable":true,"href":"https:\/\/pd-pljusak.hr\/index.php?rest_route=%2Fwp%2Fv2%2Fcomments&post=1296"}],"version-history":[{"count":0,"href":"https:\/\/pd-pljusak.hr\/index.php?rest_route=\/wp\/v2\/posts\/1296\/revisions"}],"wp:attachment":[{"href":"https:\/\/pd-pljusak.hr\/index.php?rest_route=%2Fwp%2Fv2%2Fmedia&parent=1296"}],"wp:term":[{"taxonomy":"category","embeddable":true,"href":"https:\/\/pd-pljusak.hr\/index.php?rest_route=%2Fwp%2Fv2%2Fcategories&post=1296"},{"taxonomy":"post_tag","embeddable":true,"href":"https:\/\/pd-pljusak.hr\/index.php?rest_route=%2Fwp%2Fv2%2Ftags&post=1296"}],"curies":[{"name":"wp","href":"https:\/\/api.w.org\/{rel}","templated":true}]}}